{"id":14816,"date":"2025-04-22T14:27:47","date_gmt":"2025-04-22T12:27:47","guid":{"rendered":"https:\/\/www.euroco.fr\/?p=14816"},"modified":"2025-04-22T14:37:41","modified_gmt":"2025-04-22T12:37:41","slug":"sial-canada-toronto","status":"publish","type":"post","link":"https:\/\/www.euroco.fr\/fr\/sial-canada-toronto\/","title":{"rendered":"2025 Sial Canada Toronto"},"content":{"rendered":"<p>Je serais pr\u00e9sent au Sial Canada \u00e0 Toronto du 29 avril au 1er mai.<br \/>\nContactez moi pour nous rencontrer et discuter d&rsquo;opportunit\u00e9s de collaboration pour des produits alimentaires Fran\u00e7ais vers le canada<\/p>\n","protected":false},"excerpt":{"rendered":"<p>Je serais pr\u00e9sent au Sial Canada \u00e0 Toronto du 29 avril au 1er mai. Contactez moi pour nous rencontrer et discuter d&rsquo;opportunit\u00e9s de collaboration pour des produits alimentaires Fran\u00e7ais vers le canada<\/p>\n","protected":false},"author":3,"featured_media":14813,"comment_status":"closed","ping_status":"closed","sticky":false,"template":"","format":"standard","meta":{"_acf_changed":false,"_et_pb_use_builder":"","_et_pb_old_content":"","_et_gb_content_width":"","footnotes":""},"categories":[19,6],"tags":[483,484],"class_list":["post-14816","post","type-post","status-publish","format-standard","has-post-thumbnail","hentry","category-actualite","category-non-classifiee","tag-sial-canada","tag-toronto"],"acf":[],"yoast_head":"<!-- This site is optimized with the Yoast SEO plugin v27.4 - https:\/\/yoast.com\/product\/yoast-seo-wordpress\/ -->\n<title>2025 Sial Canada Toronto - Euroco<\/title>\n<meta name=\"description\" content=\"Je serais au Sial Canada \u00e0 Toronto du 29 avril au 1er mai. Contactez moi pour discuter d&#039;opportunit\u00e9s de collaboration pour des produits alimentaires Fran\u00e7ais.\" \/>\n<meta name=\"robots\" content=\"index, follow, max-snippet:-1, max-image-preview:large, max-video-preview:-1\" \/>\n<link rel=\"canonical\" href=\"https:\/\/www.euroco.fr\/fr\/sial-canada-toronto\/\" \/>\n<meta property=\"og:locale\" content=\"fr_FR\" \/>\n<meta property=\"og:type\" content=\"article\" \/>\n<meta property=\"og:title\" content=\"2025 Sial Canada Toronto - Euroco\" \/>\n<meta property=\"og:description\" content=\"Je serais au Sial Canada \u00e0 Toronto du 29 avril au 1er mai. Contactez moi pour discuter d&#039;opportunit\u00e9s de collaboration pour des produits alimentaires Fran\u00e7ais.\" \/>\n<meta property=\"og:url\" content=\"https:\/\/www.euroco.fr\/fr\/sial-canada-toronto\/\" \/>\n<meta property=\"og:site_name\" content=\"Euroco\" \/>\n<meta property=\"article:published_time\" content=\"2025-04-22T12:27:47+00:00\" \/>\n<meta property=\"article:modified_time\" content=\"2025-04-22T12:37:41+00:00\" \/>\n<meta property=\"og:image\" content=\"https:\/\/www.euroco.fr\/wp-content\/uploads\/2025\/04\/Sial-Canada.png\" \/>\n\t<meta property=\"og:image:width\" content=\"1200\" \/>\n\t<meta property=\"og:image:height\" content=\"720\" \/>\n\t<meta property=\"og:image:type\" content=\"image\/png\" \/>\n<meta name=\"author\" content=\"Euroco\" \/>\n<meta name=\"twitter:card\" content=\"summary_large_image\" \/>\n<meta name=\"twitter:label1\" content=\"\u00c9crit par\" \/>\n\t<meta name=\"twitter:data1\" content=\"Euroco\" \/>\n\t<meta name=\"twitter:label2\" content=\"Dur\u00e9e de lecture estim\u00e9e\" \/>\n\t<meta name=\"twitter:data2\" content=\"1 minute\" \/>\n<script type=\"application\/ld+json\" class=\"yoast-schema-graph\">{\"@context\":\"https:\\\/\\\/schema.org\",\"@graph\":[{\"@type\":\"Article\",\"@id\":\"https:\\\/\\\/www.euroco.fr\\\/fr\\\/sial-canada-toronto\\\/#article\",\"isPartOf\":{\"@id\":\"https:\\\/\\\/www.euroco.fr\\\/fr\\\/sial-canada-toronto\\\/\"},\"author\":{\"name\":\"Euroco\",\"@id\":\"https:\\\/\\\/www.euroco.fr\\\/fr\\\/#\\\/schema\\\/person\\\/508519266714de34c1ae4576e27a73cc\"},\"headline\":\"2025 Sial Canada Toronto\",\"datePublished\":\"2025-04-22T12:27:47+00:00\",\"dateModified\":\"2025-04-22T12:37:41+00:00\",\"mainEntityOfPage\":{\"@id\":\"https:\\\/\\\/www.euroco.fr\\\/fr\\\/sial-canada-toronto\\\/\"},\"wordCount\":37,\"publisher\":{\"@id\":\"https:\\\/\\\/www.euroco.fr\\\/fr\\\/#organization\"},\"image\":{\"@id\":\"https:\\\/\\\/www.euroco.fr\\\/fr\\\/sial-canada-toronto\\\/#primaryimage\"},\"thumbnailUrl\":\"https:\\\/\\\/www.euroco.fr\\\/wp-content\\\/uploads\\\/2025\\\/04\\\/Sial-Canada.png\",\"keywords\":[\"sial canada\",\"toronto\"],\"articleSection\":[\"Actualit\u00e9\",\"Non classifi\u00e9(e)\"],\"inLanguage\":\"fr-FR\"},{\"@type\":\"WebPage\",\"@id\":\"https:\\\/\\\/www.euroco.fr\\\/fr\\\/sial-canada-toronto\\\/\",\"url\":\"https:\\\/\\\/www.euroco.fr\\\/fr\\\/sial-canada-toronto\\\/\",\"name\":\"2025 Sial Canada Toronto - Euroco\",\"isPartOf\":{\"@id\":\"https:\\\/\\\/www.euroco.fr\\\/fr\\\/#website\"},\"primaryImageOfPage\":{\"@id\":\"https:\\\/\\\/www.euroco.fr\\\/fr\\\/sial-canada-toronto\\\/#primaryimage\"},\"image\":{\"@id\":\"https:\\\/\\\/www.euroco.fr\\\/fr\\\/sial-canada-toronto\\\/#primaryimage\"},\"thumbnailUrl\":\"https:\\\/\\\/www.euroco.fr\\\/wp-content\\\/uploads\\\/2025\\\/04\\\/Sial-Canada.png\",\"datePublished\":\"2025-04-22T12:27:47+00:00\",\"dateModified\":\"2025-04-22T12:37:41+00:00\",\"description\":\"Je serais au Sial Canada \u00e0 Toronto du 29 avril au 1er mai. Contactez moi pour discuter d'opportunit\u00e9s de collaboration pour des produits alimentaires Fran\u00e7ais.\",\"breadcrumb\":{\"@id\":\"https:\\\/\\\/www.euroco.fr\\\/fr\\\/sial-canada-toronto\\\/#breadcrumb\"},\"inLanguage\":\"fr-FR\",\"potentialAction\":[{\"@type\":\"ReadAction\",\"target\":[\"https:\\\/\\\/www.euroco.fr\\\/fr\\\/sial-canada-toronto\\\/\"]}]},{\"@type\":\"ImageObject\",\"inLanguage\":\"fr-FR\",\"@id\":\"https:\\\/\\\/www.euroco.fr\\\/fr\\\/sial-canada-toronto\\\/#primaryimage\",\"url\":\"https:\\\/\\\/www.euroco.fr\\\/wp-content\\\/uploads\\\/2025\\\/04\\\/Sial-Canada.png\",\"contentUrl\":\"https:\\\/\\\/www.euroco.fr\\\/wp-content\\\/uploads\\\/2025\\\/04\\\/Sial-Canada.png\",\"width\":1200,\"height\":720,\"caption\":\"sial toronto canada\"},{\"@type\":\"BreadcrumbList\",\"@id\":\"https:\\\/\\\/www.euroco.fr\\\/fr\\\/sial-canada-toronto\\\/#breadcrumb\",\"itemListElement\":[{\"@type\":\"ListItem\",\"position\":1,\"name\":\"Accueil\",\"item\":\"https:\\\/\\\/www.euroco.fr\\\/fr\\\/\"},{\"@type\":\"ListItem\",\"position\":2,\"name\":\"2025 Sial Canada Toronto\"}]},{\"@type\":\"WebSite\",\"@id\":\"https:\\\/\\\/www.euroco.fr\\\/fr\\\/#website\",\"url\":\"https:\\\/\\\/www.euroco.fr\\\/fr\\\/\",\"name\":\"Euroco\",\"description\":\"The French food supplier\",\"publisher\":{\"@id\":\"https:\\\/\\\/www.euroco.fr\\\/fr\\\/#organization\"},\"potentialAction\":[{\"@type\":\"SearchAction\",\"target\":{\"@type\":\"EntryPoint\",\"urlTemplate\":\"https:\\\/\\\/www.euroco.fr\\\/fr\\\/?s={search_term_string}\"},\"query-input\":{\"@type\":\"PropertyValueSpecification\",\"valueRequired\":true,\"valueName\":\"search_term_string\"}}],\"inLanguage\":\"fr-FR\"},{\"@type\":\"Organization\",\"@id\":\"https:\\\/\\\/www.euroco.fr\\\/fr\\\/#organization\",\"name\":\"Euroco\",\"url\":\"https:\\\/\\\/www.euroco.fr\\\/fr\\\/\",\"logo\":{\"@type\":\"ImageObject\",\"inLanguage\":\"fr-FR\",\"@id\":\"https:\\\/\\\/www.euroco.fr\\\/fr\\\/#\\\/schema\\\/logo\\\/image\\\/\",\"url\":\"https:\\\/\\\/www.euroco.fr\\\/wp-content\\\/uploads\\\/2022\\\/03\\\/logo-euroco.png\",\"contentUrl\":\"https:\\\/\\\/www.euroco.fr\\\/wp-content\\\/uploads\\\/2022\\\/03\\\/logo-euroco.png\",\"width\":1231,\"height\":501,\"caption\":\"Euroco\"},\"image\":{\"@id\":\"https:\\\/\\\/www.euroco.fr\\\/fr\\\/#\\\/schema\\\/logo\\\/image\\\/\"}},{\"@type\":\"Person\",\"@id\":\"https:\\\/\\\/www.euroco.fr\\\/fr\\\/#\\\/schema\\\/person\\\/508519266714de34c1ae4576e27a73cc\",\"name\":\"Euroco\",\"image\":{\"@type\":\"ImageObject\",\"inLanguage\":\"fr-FR\",\"@id\":\"https:\\\/\\\/secure.gravatar.com\\\/avatar\\\/33cd14590acbda60e7f34898932ecbc3f254f572e54478f2d7fb6d932ec9e7aa?s=96&d=mm&r=g\",\"url\":\"https:\\\/\\\/secure.gravatar.com\\\/avatar\\\/33cd14590acbda60e7f34898932ecbc3f254f572e54478f2d7fb6d932ec9e7aa?s=96&d=mm&r=g\",\"contentUrl\":\"https:\\\/\\\/secure.gravatar.com\\\/avatar\\\/33cd14590acbda60e7f34898932ecbc3f254f572e54478f2d7fb6d932ec9e7aa?s=96&d=mm&r=g\",\"caption\":\"Euroco\"},\"url\":\"https:\\\/\\\/www.euroco.fr\\\/fr\\\/\"}]}<\/script>\n<!-- \/ Yoast SEO plugin. -->","yoast_head_json":{"title":"2025 Sial Canada Toronto - Euroco","description":"Je serais au Sial Canada \u00e0 Toronto du 29 avril au 1er mai. Contactez moi pour discuter d'opportunit\u00e9s de collaboration pour des produits alimentaires Fran\u00e7ais.","robots":{"index":"index","follow":"follow","max-snippet":"max-snippet:-1","max-image-preview":"max-image-preview:large","max-video-preview":"max-video-preview:-1"},"canonical":"https:\/\/www.euroco.fr\/fr\/sial-canada-toronto\/","og_locale":"fr_FR","og_type":"article","og_title":"2025 Sial Canada Toronto - Euroco","og_description":"Je serais au Sial Canada \u00e0 Toronto du 29 avril au 1er mai. Contactez moi pour discuter d'opportunit\u00e9s de collaboration pour des produits alimentaires Fran\u00e7ais.","og_url":"https:\/\/www.euroco.fr\/fr\/sial-canada-toronto\/","og_site_name":"Euroco","article_published_time":"2025-04-22T12:27:47+00:00","article_modified_time":"2025-04-22T12:37:41+00:00","og_image":[{"width":1200,"height":720,"url":"https:\/\/www.euroco.fr\/wp-content\/uploads\/2025\/04\/Sial-Canada.png","type":"image\/png"}],"author":"Euroco","twitter_card":"summary_large_image","twitter_misc":{"\u00c9crit par":"Euroco","Dur\u00e9e de lecture estim\u00e9e":"1 minute"},"schema":{"@context":"https:\/\/schema.org","@graph":[{"@type":"Article","@id":"https:\/\/www.euroco.fr\/fr\/sial-canada-toronto\/#article","isPartOf":{"@id":"https:\/\/www.euroco.fr\/fr\/sial-canada-toronto\/"},"author":{"name":"Euroco","@id":"https:\/\/www.euroco.fr\/fr\/#\/schema\/person\/508519266714de34c1ae4576e27a73cc"},"headline":"2025 Sial Canada Toronto","datePublished":"2025-04-22T12:27:47+00:00","dateModified":"2025-04-22T12:37:41+00:00","mainEntityOfPage":{"@id":"https:\/\/www.euroco.fr\/fr\/sial-canada-toronto\/"},"wordCount":37,"publisher":{"@id":"https:\/\/www.euroco.fr\/fr\/#organization"},"image":{"@id":"https:\/\/www.euroco.fr\/fr\/sial-canada-toronto\/#primaryimage"},"thumbnailUrl":"https:\/\/www.euroco.fr\/wp-content\/uploads\/2025\/04\/Sial-Canada.png","keywords":["sial canada","toronto"],"articleSection":["Actualit\u00e9","Non classifi\u00e9(e)"],"inLanguage":"fr-FR"},{"@type":"WebPage","@id":"https:\/\/www.euroco.fr\/fr\/sial-canada-toronto\/","url":"https:\/\/www.euroco.fr\/fr\/sial-canada-toronto\/","name":"2025 Sial Canada Toronto - Euroco","isPartOf":{"@id":"https:\/\/www.euroco.fr\/fr\/#website"},"primaryImageOfPage":{"@id":"https:\/\/www.euroco.fr\/fr\/sial-canada-toronto\/#primaryimage"},"image":{"@id":"https:\/\/www.euroco.fr\/fr\/sial-canada-toronto\/#primaryimage"},"thumbnailUrl":"https:\/\/www.euroco.fr\/wp-content\/uploads\/2025\/04\/Sial-Canada.png","datePublished":"2025-04-22T12:27:47+00:00","dateModified":"2025-04-22T12:37:41+00:00","description":"Je serais au Sial Canada \u00e0 Toronto du 29 avril au 1er mai. Contactez moi pour discuter d'opportunit\u00e9s de collaboration pour des produits alimentaires Fran\u00e7ais.","breadcrumb":{"@id":"https:\/\/www.euroco.fr\/fr\/sial-canada-toronto\/#breadcrumb"},"inLanguage":"fr-FR","potentialAction":[{"@type":"ReadAction","target":["https:\/\/www.euroco.fr\/fr\/sial-canada-toronto\/"]}]},{"@type":"ImageObject","inLanguage":"fr-FR","@id":"https:\/\/www.euroco.fr\/fr\/sial-canada-toronto\/#primaryimage","url":"https:\/\/www.euroco.fr\/wp-content\/uploads\/2025\/04\/Sial-Canada.png","contentUrl":"https:\/\/www.euroco.fr\/wp-content\/uploads\/2025\/04\/Sial-Canada.png","width":1200,"height":720,"caption":"sial toronto canada"},{"@type":"BreadcrumbList","@id":"https:\/\/www.euroco.fr\/fr\/sial-canada-toronto\/#breadcrumb","itemListElement":[{"@type":"ListItem","position":1,"name":"Accueil","item":"https:\/\/www.euroco.fr\/fr\/"},{"@type":"ListItem","position":2,"name":"2025 Sial Canada Toronto"}]},{"@type":"WebSite","@id":"https:\/\/www.euroco.fr\/fr\/#website","url":"https:\/\/www.euroco.fr\/fr\/","name":"Euroco","description":"The French food supplier","publisher":{"@id":"https:\/\/www.euroco.fr\/fr\/#organization"},"potentialAction":[{"@type":"SearchAction","target":{"@type":"EntryPoint","urlTemplate":"https:\/\/www.euroco.fr\/fr\/?s={search_term_string}"},"query-input":{"@type":"PropertyValueSpecification","valueRequired":true,"valueName":"search_term_string"}}],"inLanguage":"fr-FR"},{"@type":"Organization","@id":"https:\/\/www.euroco.fr\/fr\/#organization","name":"Euroco","url":"https:\/\/www.euroco.fr\/fr\/","logo":{"@type":"ImageObject","inLanguage":"fr-FR","@id":"https:\/\/www.euroco.fr\/fr\/#\/schema\/logo\/image\/","url":"https:\/\/www.euroco.fr\/wp-content\/uploads\/2022\/03\/logo-euroco.png","contentUrl":"https:\/\/www.euroco.fr\/wp-content\/uploads\/2022\/03\/logo-euroco.png","width":1231,"height":501,"caption":"Euroco"},"image":{"@id":"https:\/\/www.euroco.fr\/fr\/#\/schema\/logo\/image\/"}},{"@type":"Person","@id":"https:\/\/www.euroco.fr\/fr\/#\/schema\/person\/508519266714de34c1ae4576e27a73cc","name":"Euroco","image":{"@type":"ImageObject","inLanguage":"fr-FR","@id":"https:\/\/secure.gravatar.com\/avatar\/33cd14590acbda60e7f34898932ecbc3f254f572e54478f2d7fb6d932ec9e7aa?s=96&d=mm&r=g","url":"https:\/\/secure.gravatar.com\/avatar\/33cd14590acbda60e7f34898932ecbc3f254f572e54478f2d7fb6d932ec9e7aa?s=96&d=mm&r=g","contentUrl":"https:\/\/secure.gravatar.com\/avatar\/33cd14590acbda60e7f34898932ecbc3f254f572e54478f2d7fb6d932ec9e7aa?s=96&d=mm&r=g","caption":"Euroco"},"url":"https:\/\/www.euroco.fr\/fr\/"}]}},"_links":{"self":[{"href":"https:\/\/www.euroco.fr\/fr\/wp-json\/wp\/v2\/posts\/14816","targetHints":{"allow":["GET"]}}],"collection":[{"href":"https:\/\/www.euroco.fr\/fr\/wp-json\/wp\/v2\/posts"}],"about":[{"href":"https:\/\/www.euroco.fr\/fr\/wp-json\/wp\/v2\/types\/post"}],"author":[{"embeddable":true,"href":"https:\/\/www.euroco.fr\/fr\/wp-json\/wp\/v2\/users\/3"}],"replies":[{"embeddable":true,"href":"https:\/\/www.euroco.fr\/fr\/wp-json\/wp\/v2\/comments?post=14816"}],"version-history":[{"count":4,"href":"https:\/\/www.euroco.fr\/fr\/wp-json\/wp\/v2\/posts\/14816\/revisions"}],"predecessor-version":[{"id":14820,"href":"https:\/\/www.euroco.fr\/fr\/wp-json\/wp\/v2\/posts\/14816\/revisions\/14820"}],"wp:featuredmedia":[{"embeddable":true,"href":"https:\/\/www.euroco.fr\/fr\/wp-json\/wp\/v2\/media\/14813"}],"wp:attachment":[{"href":"https:\/\/www.euroco.fr\/fr\/wp-json\/wp\/v2\/media?parent=14816"}],"wp:term":[{"taxonomy":"category","embeddable":true,"href":"https:\/\/www.euroco.fr\/fr\/wp-json\/wp\/v2\/categories?post=14816"},{"taxonomy":"post_tag","embeddable":true,"href":"https:\/\/www.euroco.fr\/fr\/wp-json\/wp\/v2\/tags?post=14816"}],"curies":[{"name":"wp","href":"https:\/\/api.w.org\/{rel}","templated":true}]}}